{"id":274,"count":1,"description":"Objave ozna\u010dene sa GDG Gradi\u0161ka \u2014 istra\u017eite doga\u0111aje, vijesti i novosti iz zajednice Google Developer Group u Gradi\u0161ci.","link":"https:\/\/www.nenasal.com\/sr\/tag\/gdg-gradiska-sr\/","name":"GDG Gradi\u0161ka","slug":"gdg-gradiska-sr","taxonomy":"post_tag","meta":[],"_links":{"self":[{"href":"https:\/\/www.nenasal.com\/sr\/wp-json\/wp\/v2\/tags\/274","targetHints":{"allow":["GET"]}}],"collection":[{"href":"https:\/\/www.nenasal.com\/sr\/wp-json\/wp\/v2\/tags"}],"about":[{"href":"https:\/\/www.nenasal.com\/sr\/wp-json\/wp\/v2\/taxonomies\/post_tag"}],"wp:post_type":[{"href":"https:\/\/www.nenasal.com\/sr\/wp-json\/wp\/v2\/posts?tags=274"}],"curies":[{"name":"wp","href":"https:\/\/api.w.org\/{rel}","templated":true}]}}